{"id":315,"date":"2023-12-16T15:21:42","date_gmt":"2023-12-16T20:21:42","guid":{"rendered":"https:\/\/jimenezherrera.com\/?p=315"},"modified":"2025-12-18T14:27:34","modified_gmt":"2025-12-18T19:27:34","slug":"aspectos-legales-que-deben-considerarse-si-se-posee-empresa","status":"publish","type":"post","link":"https:\/\/jimenezherrera.com\/index.php\/2023\/12\/16\/aspectos-legales-que-deben-considerarse-si-se-posee-empresa\/","title":{"rendered":"Aspectos legales que deben considerarse si se posee empresa"},"content":{"rendered":"\n<p>En el \u00e1mbito legal, la obtenci\u00f3n de un diagn\u00f3stico preciso y la implementaci\u00f3n oportuna de respuestas jur\u00eddicas apropiadas, factibles y convenientes, se erige como un factor determinante para alcanzar los objetivos corporativos. En la coyuntura actual, es esencial considerar el impacto que pueden tener los diversos decretos legislativos emitidos por el Gobierno Nacional, ya sea de manera general o espec\u00edfica para determinados sectores, seg\u00fan corresponda.<\/p>\n\n\n\n<p>Bajo esta premisa, se presentan algunos aspectos legales generales que resultan \u00fatiles en el contexto actual y, por ende, deben ser contemplados como herramientas jur\u00eddico-gerenciales de respaldo para la toma de decisiones por parte de empresarios, directores y, en general, aquellos responsables de la administraci\u00f3n de negocios.<\/p>\n\n\n\n<p>Cuando una empresa esta iniciando su vida jur\u00eddica se puede consultar los pasos iniciales en el portal <a href=\"https:\/\/www.miempresa.com.co\/\">miempresa.com.co <\/a>l\u00edderes en asesor\u00eda integrales para empresa y su art\u00edculo: <a href=\"https:\/\/www.miempresa.com.co\/como-crear-una-empresa-en-colombia-paso-a-paso\/\">Como crear una empresa en Colombia paso a paso<\/a><\/p>\n\n\n\n<h3 class=\"wp-block-heading\"><strong>1. Derecho Societario<\/strong><\/h3>\n\n\n\n<p>Este t\u00f3pico envuelve una diversidad amplia de aspectos y temas de gran importancia. A manera de simple referencia, sin que se incluyan todos, dado que constituyen algunos de los deberes propios de los comerciantes, es recomendable lo siguiente:<\/p>\n\n\n\n<p>(i) Revisar que se cuente con los libros de comercio (accionistas, socios, actas de asambleas de accionistas, actas de juntas de socios o actas), bien sea en medio f\u00edsico o electr\u00f3nico, debidamente inscritos y actualizados. Llevados en una forma correcta \u201cconstituyen plena prueba en las cuestiones mercantiles que los comerciantes debatan entre s\u00ed\u201d (CGP, art. 264).<\/p>\n\n\n\n<p>(ii) Verificar el cumplimiento del deber de la matr\u00edcula y renovaci\u00f3n en el registro mercantil correspondiente.<\/p>\n\n\n\n<p>(iii) Evaluar que se est\u00e9 cumpliendo con no realizar actos de competencia desleal o verificar no estar siendo afectado por dichos actos realizados por otros comerciantes.<\/p>\n\n\n\n<p>(iv) Contar con un sistema confiable y que cumpla con los requisitos de ley para la conservaci\u00f3n de la correspondencia y dem\u00e1s documentos relacionados con sus negocios o actividades. Hoy, m\u00e1s que nunca, es conveniente tener como base la digitalizaci\u00f3n documental o soportes en medios electr\u00f3nicos.<\/p>\n\n\n\n<p>(v) Elaborar el respectivo soporte documental de asambleas ordinarias y extraordinarias que se requieran.<\/p>\n\n\n\n<p>(vi) Evaluar e implementar las reformas a los estatutos societarios necesarios, como, por ejemplo, la transformaci\u00f3n de una forma societaria a otra que le resulte m\u00e1s conveniente.<\/p>\n\n\n\n<p>Contar con un respaldo legal experto en \u00e1reas cr\u00edticas, como las mencionadas, posee el potencial de optimizar recursos, prever y mitigar riesgos, y, por ende, ofrecer soluciones adaptadas a las necesidades espec\u00edficas de cada empresa. La pronta implementaci\u00f3n de estas medidas tiene el prop\u00f3sito de evitar procesos sancionatorios, reducir los costos asociados a acciones reactivas frente a solicitudes de las autoridades, y regular con mayor transparencia situaciones conflictivas internas entre socios. La importancia de estos aspectos se magnifica en el actual estado de emergencia, destacando la necesidad de abordar proactivamente los desaf\u00edos legales para garantizar la estabilidad y el cumplimiento normativo de la empresa.<\/p>\n\n\n\n<h3 class=\"wp-block-heading\">2. Gesti\u00f3n jur\u00eddica <\/h3>\n\n\n\n<p>Contar con un respaldo legal experto en \u00e1reas cr\u00edticas, como las mencionadas, conlleva el potencial de optimizar recursos, anticipar y mitigar riesgos, y, en consecuencia, brindar soluciones adaptadas a las necesidades espec\u00edficas de cada empresa. La r\u00e1pida implementaci\u00f3n de estas medidas tiene como objetivo evitar procesos sancionatorios, reducir los costos relacionados con acciones reactivas frente a solicitudes de las autoridades, y gestionar con mayor transparencia situaciones conflictivas internas entre socios.<\/p>\n\n\n\n<p>La relevancia de estos aspectos se intensifica en la actualidad, subrayando la necesidad de abordar proactivamente los desaf\u00edos legales para garantizar la estabilidad y el cumplimiento normativo de la empresa. En tiempos cr\u00edticos, un enfoque legal estrat\u00e9gico se convierte en un pilar fundamental para la resiliencia y el \u00e9xito a largo plazo de la organizaci\u00f3n.<\/p>\n\n\n\n<h3 class=\"wp-block-heading\"><strong>3. Evaluaci\u00f3n de Contratos y Recursos Contractuales <\/strong><\/h3>\n\n\n\n<p>Las empresas en el d\u00eda a d\u00eda de sus operaciones inmersas en la ejecuci\u00f3n o por ejecutar una serie de contratos, ya sean verbales o escritos, que conllevaban adquisici\u00f3n de derechos y obligaciones.<\/p>\n\n\n\n<p>En el contexto actual, se ha vuelto frecuente el uso y menci\u00f3n de t\u00e9rminos como fuerza mayor, caso fortuito, equilibrio contractual, deber de colaboraci\u00f3n entre las partes, teor\u00eda de la imprevisi\u00f3n y hecho notorio. Estos conceptos, aunque se refieren a situaciones comunes en la vida cotidiana, adquieren una relevancia especial en el \u00e1mbito jur\u00eddico. Su discusi\u00f3n se torna m\u00e1s frecuente tanto en conversaciones formales como informales, dado que representan elementos cruciales para comprender y gestionar las implicaciones legales en el marco de contratos empresariales.<\/p>\n","protected":false},"excerpt":{"rendered":"<p>En el \u00e1mbito legal, la obtenci\u00f3n de un diagn\u00f3stico preciso y la implementaci\u00f3n oportuna de respuestas jur\u00eddicas apropiadas, factibles y convenientes, se erige como un factor determinante para alcanzar los objetivos corporativos. En la coyuntura actual, es esencial considerar el impacto que pueden tener los diversos decretos legislativos emitidos por el Gobierno Nacional, ya sea [&hellip;]<\/p>\n","protected":false},"author":1,"featured_media":144,"comment_status":"closed","ping_status":"open","sticky":false,"template":"","format":"standard","meta":{"_et_pb_use_builder":"off","_et_pb_old_content":"","_et_gb_content_width":"","footnotes":""},"categories":[1],"tags":[],"class_list":["post-315","post","type-post","status-publish","format-standard","has-post-thumbnail","hentry","category-sin-categoria"],"yoast_head":"<!-- This site is optimized with the Yoast SEO plugin v27.1.1 - https:\/\/yoast.com\/product\/yoast-seo-wordpress\/ -->\n<title>Aspectos legales que deben considerarse si se posee empresa - Jimenez Herrera Asociados Ltda -<\/title>\n<meta name=\"robots\" content=\"index, follow, max-snippet:-1, max-image-preview:large, max-video-preview:-1\" \/>\n<link rel=\"canonical\" href=\"https:\/\/jimenezherrera.com\/index.php\/2023\/12\/16\/aspectos-legales-que-deben-considerarse-si-se-posee-empresa\/\" \/>\n<meta property=\"og:locale\" content=\"es_ES\" \/>\n<meta property=\"og:type\" content=\"article\" \/>\n<meta property=\"og:title\" content=\"Aspectos legales que deben considerarse si se posee empresa - Jimenez Herrera Asociados Ltda -\" \/>\n<meta property=\"og:description\" content=\"En el \u00e1mbito legal, la obtenci\u00f3n de un diagn\u00f3stico preciso y la implementaci\u00f3n oportuna de respuestas jur\u00eddicas apropiadas, factibles y convenientes, se erige como un factor determinante para alcanzar los objetivos corporativos. En la coyuntura actual, es esencial considerar el impacto que pueden tener los diversos decretos legislativos emitidos por el Gobierno Nacional, ya sea [&hellip;]\" \/>\n<meta property=\"og:url\" content=\"https:\/\/jimenezherrera.com\/index.php\/2023\/12\/16\/aspectos-legales-que-deben-considerarse-si-se-posee-empresa\/\" \/>\n<meta property=\"og:site_name\" content=\"Jimenez Herrera Asociados Ltda -\" \/>\n<meta property=\"article:publisher\" content=\"https:\/\/web.facebook.com\/jimenezherrera.abogados\" \/>\n<meta property=\"article:published_time\" content=\"2023-12-16T20:21:42+00:00\" \/>\n<meta property=\"article:modified_time\" content=\"2025-12-18T19:27:34+00:00\" \/>\n<meta property=\"og:image\" content=\"https:\/\/jimenezherrera.com\/wp-content\/uploads\/2020\/02\/114-scaled.jpg\" \/>\n\t<meta property=\"og:image:width\" content=\"2560\" \/>\n\t<meta property=\"og:image:height\" content=\"1696\" \/>\n\t<meta property=\"og:image:type\" content=\"image\/jpeg\" \/>\n<meta name=\"author\" content=\"daniel.pinilla\" \/>\n<meta name=\"twitter:card\" content=\"summary_large_image\" \/>\n<meta name=\"twitter:label1\" content=\"Escrito por\" \/>\n\t<meta name=\"twitter:data1\" content=\"daniel.pinilla\" \/>\n\t<meta name=\"twitter:label2\" content=\"Tiempo de lectura\" \/>\n\t<meta name=\"twitter:data2\" content=\"4 minutos\" \/>\n<script type=\"application\/ld+json\" class=\"yoast-schema-graph\">{\"@context\":\"https:\/\/schema.org\",\"@graph\":[{\"@type\":\"Article\",\"@id\":\"https:\/\/jimenezherrera.com\/index.php\/2023\/12\/16\/aspectos-legales-que-deben-considerarse-si-se-posee-empresa\/#article\",\"isPartOf\":{\"@id\":\"https:\/\/jimenezherrera.com\/index.php\/2023\/12\/16\/aspectos-legales-que-deben-considerarse-si-se-posee-empresa\/\"},\"author\":{\"name\":\"daniel.pinilla\",\"@id\":\"https:\/\/jimenezherrera.com\/#\/schema\/person\/9142a20b2bc6cde429ede07c87d783d0\"},\"headline\":\"Aspectos legales que deben considerarse si se posee empresa\",\"datePublished\":\"2023-12-16T20:21:42+00:00\",\"dateModified\":\"2025-12-18T19:27:34+00:00\",\"mainEntityOfPage\":{\"@id\":\"https:\/\/jimenezherrera.com\/index.php\/2023\/12\/16\/aspectos-legales-que-deben-considerarse-si-se-posee-empresa\/\"},\"wordCount\":789,\"publisher\":{\"@id\":\"https:\/\/jimenezherrera.com\/#organization\"},\"image\":{\"@id\":\"https:\/\/jimenezherrera.com\/index.php\/2023\/12\/16\/aspectos-legales-que-deben-considerarse-si-se-posee-empresa\/#primaryimage\"},\"thumbnailUrl\":\"https:\/\/jimenezherrera.com\/wp-content\/uploads\/2020\/02\/114-scaled.jpg\",\"inLanguage\":\"es-CO\"},{\"@type\":\"WebPage\",\"@id\":\"https:\/\/jimenezherrera.com\/index.php\/2023\/12\/16\/aspectos-legales-que-deben-considerarse-si-se-posee-empresa\/\",\"url\":\"https:\/\/jimenezherrera.com\/index.php\/2023\/12\/16\/aspectos-legales-que-deben-considerarse-si-se-posee-empresa\/\",\"name\":\"Aspectos legales que deben considerarse si se posee empresa - Jimenez Herrera Asociados Ltda -\",\"isPartOf\":{\"@id\":\"https:\/\/jimenezherrera.com\/#website\"},\"primaryImageOfPage\":{\"@id\":\"https:\/\/jimenezherrera.com\/index.php\/2023\/12\/16\/aspectos-legales-que-deben-considerarse-si-se-posee-empresa\/#primaryimage\"},\"image\":{\"@id\":\"https:\/\/jimenezherrera.com\/index.php\/2023\/12\/16\/aspectos-legales-que-deben-considerarse-si-se-posee-empresa\/#primaryimage\"},\"thumbnailUrl\":\"https:\/\/jimenezherrera.com\/wp-content\/uploads\/2020\/02\/114-scaled.jpg\",\"datePublished\":\"2023-12-16T20:21:42+00:00\",\"dateModified\":\"2025-12-18T19:27:34+00:00\",\"breadcrumb\":{\"@id\":\"https:\/\/jimenezherrera.com\/index.php\/2023\/12\/16\/aspectos-legales-que-deben-considerarse-si-se-posee-empresa\/#breadcrumb\"},\"inLanguage\":\"es-CO\",\"potentialAction\":[{\"@type\":\"ReadAction\",\"target\":[\"https:\/\/jimenezherrera.com\/index.php\/2023\/12\/16\/aspectos-legales-que-deben-considerarse-si-se-posee-empresa\/\"]}]},{\"@type\":\"ImageObject\",\"inLanguage\":\"es-CO\",\"@id\":\"https:\/\/jimenezherrera.com\/index.php\/2023\/12\/16\/aspectos-legales-que-deben-considerarse-si-se-posee-empresa\/#primaryimage\",\"url\":\"https:\/\/jimenezherrera.com\/wp-content\/uploads\/2020\/02\/114-scaled.jpg\",\"contentUrl\":\"https:\/\/jimenezherrera.com\/wp-content\/uploads\/2020\/02\/114-scaled.jpg\",\"width\":2560,\"height\":1696,\"caption\":\"Partnership. two business people shaking hand after business job interview in meeting room at office, congratulation, investor, success, interview, partnership, teamwork, financial, connection concept\"},{\"@type\":\"BreadcrumbList\",\"@id\":\"https:\/\/jimenezherrera.com\/index.php\/2023\/12\/16\/aspectos-legales-que-deben-considerarse-si-se-posee-empresa\/#breadcrumb\",\"itemListElement\":[{\"@type\":\"ListItem\",\"position\":1,\"name\":\"Inicio\",\"item\":\"https:\/\/jimenezherrera.com\/\"},{\"@type\":\"ListItem\",\"position\":2,\"name\":\"Aspectos legales que deben considerarse si se posee empresa\"}]},{\"@type\":\"WebSite\",\"@id\":\"https:\/\/jimenezherrera.com\/#website\",\"url\":\"https:\/\/jimenezherrera.com\/\",\"name\":\"Jimenez Herrera Asociados Ltda -\",\"description\":\"Abogados Bucaramanga y C\u00facuta\",\"publisher\":{\"@id\":\"https:\/\/jimenezherrera.com\/#organization\"},\"potentialAction\":[{\"@type\":\"SearchAction\",\"target\":{\"@type\":\"EntryPoint\",\"urlTemplate\":\"https:\/\/jimenezherrera.com\/?s={search_term_string}\"},\"query-input\":{\"@type\":\"PropertyValueSpecification\",\"valueRequired\":true,\"valueName\":\"search_term_string\"}}],\"inLanguage\":\"es-CO\"},{\"@type\":\"Organization\",\"@id\":\"https:\/\/jimenezherrera.com\/#organization\",\"name\":\"Jimenez Herrera Asociados Ltda -\",\"url\":\"https:\/\/jimenezherrera.com\/\",\"logo\":{\"@type\":\"ImageObject\",\"inLanguage\":\"es-CO\",\"@id\":\"https:\/\/jimenezherrera.com\/#\/schema\/logo\/image\/\",\"url\":\"https:\/\/jimenezherrera.com\/wp-content\/uploads\/2020\/02\/logo2.fw_.png\",\"contentUrl\":\"https:\/\/jimenezherrera.com\/wp-content\/uploads\/2020\/02\/logo2.fw_.png\",\"width\":109,\"height\":86,\"caption\":\"Jimenez Herrera Asociados Ltda -\"},\"image\":{\"@id\":\"https:\/\/jimenezherrera.com\/#\/schema\/logo\/image\/\"},\"sameAs\":[\"https:\/\/web.facebook.com\/jimenezherrera.abogados\"]},{\"@type\":\"Person\",\"@id\":\"https:\/\/jimenezherrera.com\/#\/schema\/person\/9142a20b2bc6cde429ede07c87d783d0\",\"name\":\"daniel.pinilla\",\"image\":{\"@type\":\"ImageObject\",\"inLanguage\":\"es-CO\",\"@id\":\"https:\/\/jimenezherrera.com\/#\/schema\/person\/image\/\",\"url\":\"https:\/\/secure.gravatar.com\/avatar\/101449f67dcbd63257e364720a199d1a7902875092d3576a7cf302bf8fbdee2f?s=96&d=mm&r=g\",\"contentUrl\":\"https:\/\/secure.gravatar.com\/avatar\/101449f67dcbd63257e364720a199d1a7902875092d3576a7cf302bf8fbdee2f?s=96&d=mm&r=g\",\"caption\":\"daniel.pinilla\"},\"url\":\"https:\/\/jimenezherrera.com\/index.php\/author\/daniel-pinilla\/\"}]}<\/script>\n<!-- \/ Yoast SEO plugin. -->","yoast_head_json":{"title":"Aspectos legales que deben considerarse si se posee empresa - Jimenez Herrera Asociados Ltda -","robots":{"index":"index","follow":"follow","max-snippet":"max-snippet:-1","max-image-preview":"max-image-preview:large","max-video-preview":"max-video-preview:-1"},"canonical":"https:\/\/jimenezherrera.com\/index.php\/2023\/12\/16\/aspectos-legales-que-deben-considerarse-si-se-posee-empresa\/","og_locale":"es_ES","og_type":"article","og_title":"Aspectos legales que deben considerarse si se posee empresa - Jimenez Herrera Asociados Ltda -","og_description":"En el \u00e1mbito legal, la obtenci\u00f3n de un diagn\u00f3stico preciso y la implementaci\u00f3n oportuna de respuestas jur\u00eddicas apropiadas, factibles y convenientes, se erige como un factor determinante para alcanzar los objetivos corporativos. En la coyuntura actual, es esencial considerar el impacto que pueden tener los diversos decretos legislativos emitidos por el Gobierno Nacional, ya sea [&hellip;]","og_url":"https:\/\/jimenezherrera.com\/index.php\/2023\/12\/16\/aspectos-legales-que-deben-considerarse-si-se-posee-empresa\/","og_site_name":"Jimenez Herrera Asociados Ltda -","article_publisher":"https:\/\/web.facebook.com\/jimenezherrera.abogados","article_published_time":"2023-12-16T20:21:42+00:00","article_modified_time":"2025-12-18T19:27:34+00:00","og_image":[{"width":2560,"height":1696,"url":"https:\/\/jimenezherrera.com\/wp-content\/uploads\/2020\/02\/114-scaled.jpg","type":"image\/jpeg"}],"author":"daniel.pinilla","twitter_card":"summary_large_image","twitter_misc":{"Escrito por":"daniel.pinilla","Tiempo de lectura":"4 minutos"},"schema":{"@context":"https:\/\/schema.org","@graph":[{"@type":"Article","@id":"https:\/\/jimenezherrera.com\/index.php\/2023\/12\/16\/aspectos-legales-que-deben-considerarse-si-se-posee-empresa\/#article","isPartOf":{"@id":"https:\/\/jimenezherrera.com\/index.php\/2023\/12\/16\/aspectos-legales-que-deben-considerarse-si-se-posee-empresa\/"},"author":{"name":"daniel.pinilla","@id":"https:\/\/jimenezherrera.com\/#\/schema\/person\/9142a20b2bc6cde429ede07c87d783d0"},"headline":"Aspectos legales que deben considerarse si se posee empresa","datePublished":"2023-12-16T20:21:42+00:00","dateModified":"2025-12-18T19:27:34+00:00","mainEntityOfPage":{"@id":"https:\/\/jimenezherrera.com\/index.php\/2023\/12\/16\/aspectos-legales-que-deben-considerarse-si-se-posee-empresa\/"},"wordCount":789,"publisher":{"@id":"https:\/\/jimenezherrera.com\/#organization"},"image":{"@id":"https:\/\/jimenezherrera.com\/index.php\/2023\/12\/16\/aspectos-legales-que-deben-considerarse-si-se-posee-empresa\/#primaryimage"},"thumbnailUrl":"https:\/\/jimenezherrera.com\/wp-content\/uploads\/2020\/02\/114-scaled.jpg","inLanguage":"es-CO"},{"@type":"WebPage","@id":"https:\/\/jimenezherrera.com\/index.php\/2023\/12\/16\/aspectos-legales-que-deben-considerarse-si-se-posee-empresa\/","url":"https:\/\/jimenezherrera.com\/index.php\/2023\/12\/16\/aspectos-legales-que-deben-considerarse-si-se-posee-empresa\/","name":"Aspectos legales que deben considerarse si se posee empresa - Jimenez Herrera Asociados Ltda -","isPartOf":{"@id":"https:\/\/jimenezherrera.com\/#website"},"primaryImageOfPage":{"@id":"https:\/\/jimenezherrera.com\/index.php\/2023\/12\/16\/aspectos-legales-que-deben-considerarse-si-se-posee-empresa\/#primaryimage"},"image":{"@id":"https:\/\/jimenezherrera.com\/index.php\/2023\/12\/16\/aspectos-legales-que-deben-considerarse-si-se-posee-empresa\/#primaryimage"},"thumbnailUrl":"https:\/\/jimenezherrera.com\/wp-content\/uploads\/2020\/02\/114-scaled.jpg","datePublished":"2023-12-16T20:21:42+00:00","dateModified":"2025-12-18T19:27:34+00:00","breadcrumb":{"@id":"https:\/\/jimenezherrera.com\/index.php\/2023\/12\/16\/aspectos-legales-que-deben-considerarse-si-se-posee-empresa\/#breadcrumb"},"inLanguage":"es-CO","potentialAction":[{"@type":"ReadAction","target":["https:\/\/jimenezherrera.com\/index.php\/2023\/12\/16\/aspectos-legales-que-deben-considerarse-si-se-posee-empresa\/"]}]},{"@type":"ImageObject","inLanguage":"es-CO","@id":"https:\/\/jimenezherrera.com\/index.php\/2023\/12\/16\/aspectos-legales-que-deben-considerarse-si-se-posee-empresa\/#primaryimage","url":"https:\/\/jimenezherrera.com\/wp-content\/uploads\/2020\/02\/114-scaled.jpg","contentUrl":"https:\/\/jimenezherrera.com\/wp-content\/uploads\/2020\/02\/114-scaled.jpg","width":2560,"height":1696,"caption":"Partnership. two business people shaking hand after business job interview in meeting room at office, congratulation, investor, success, interview, partnership, teamwork, financial, connection concept"},{"@type":"BreadcrumbList","@id":"https:\/\/jimenezherrera.com\/index.php\/2023\/12\/16\/aspectos-legales-que-deben-considerarse-si-se-posee-empresa\/#breadcrumb","itemListElement":[{"@type":"ListItem","position":1,"name":"Inicio","item":"https:\/\/jimenezherrera.com\/"},{"@type":"ListItem","position":2,"name":"Aspectos legales que deben considerarse si se posee empresa"}]},{"@type":"WebSite","@id":"https:\/\/jimenezherrera.com\/#website","url":"https:\/\/jimenezherrera.com\/","name":"Jimenez Herrera Asociados Ltda -","description":"Abogados Bucaramanga y C\u00facuta","publisher":{"@id":"https:\/\/jimenezherrera.com\/#organization"},"potentialAction":[{"@type":"SearchAction","target":{"@type":"EntryPoint","urlTemplate":"https:\/\/jimenezherrera.com\/?s={search_term_string}"},"query-input":{"@type":"PropertyValueSpecification","valueRequired":true,"valueName":"search_term_string"}}],"inLanguage":"es-CO"},{"@type":"Organization","@id":"https:\/\/jimenezherrera.com\/#organization","name":"Jimenez Herrera Asociados Ltda -","url":"https:\/\/jimenezherrera.com\/","logo":{"@type":"ImageObject","inLanguage":"es-CO","@id":"https:\/\/jimenezherrera.com\/#\/schema\/logo\/image\/","url":"https:\/\/jimenezherrera.com\/wp-content\/uploads\/2020\/02\/logo2.fw_.png","contentUrl":"https:\/\/jimenezherrera.com\/wp-content\/uploads\/2020\/02\/logo2.fw_.png","width":109,"height":86,"caption":"Jimenez Herrera Asociados Ltda -"},"image":{"@id":"https:\/\/jimenezherrera.com\/#\/schema\/logo\/image\/"},"sameAs":["https:\/\/web.facebook.com\/jimenezherrera.abogados"]},{"@type":"Person","@id":"https:\/\/jimenezherrera.com\/#\/schema\/person\/9142a20b2bc6cde429ede07c87d783d0","name":"daniel.pinilla","image":{"@type":"ImageObject","inLanguage":"es-CO","@id":"https:\/\/jimenezherrera.com\/#\/schema\/person\/image\/","url":"https:\/\/secure.gravatar.com\/avatar\/101449f67dcbd63257e364720a199d1a7902875092d3576a7cf302bf8fbdee2f?s=96&d=mm&r=g","contentUrl":"https:\/\/secure.gravatar.com\/avatar\/101449f67dcbd63257e364720a199d1a7902875092d3576a7cf302bf8fbdee2f?s=96&d=mm&r=g","caption":"daniel.pinilla"},"url":"https:\/\/jimenezherrera.com\/index.php\/author\/daniel-pinilla\/"}]}},"_links":{"self":[{"href":"https:\/\/jimenezherrera.com\/index.php\/wp-json\/wp\/v2\/posts\/315","targetHints":{"allow":["GET"]}}],"collection":[{"href":"https:\/\/jimenezherrera.com\/index.php\/wp-json\/wp\/v2\/posts"}],"about":[{"href":"https:\/\/jimenezherrera.com\/index.php\/wp-json\/wp\/v2\/types\/post"}],"author":[{"embeddable":true,"href":"https:\/\/jimenezherrera.com\/index.php\/wp-json\/wp\/v2\/users\/1"}],"replies":[{"embeddable":true,"href":"https:\/\/jimenezherrera.com\/index.php\/wp-json\/wp\/v2\/comments?post=315"}],"version-history":[{"count":1,"href":"https:\/\/jimenezherrera.com\/index.php\/wp-json\/wp\/v2\/posts\/315\/revisions"}],"predecessor-version":[{"id":317,"href":"https:\/\/jimenezherrera.com\/index.php\/wp-json\/wp\/v2\/posts\/315\/revisions\/317"}],"wp:featuredmedia":[{"embeddable":true,"href":"https:\/\/jimenezherrera.com\/index.php\/wp-json\/wp\/v2\/media\/144"}],"wp:attachment":[{"href":"https:\/\/jimenezherrera.com\/index.php\/wp-json\/wp\/v2\/media?parent=315"}],"wp:term":[{"taxonomy":"category","embeddable":true,"href":"https:\/\/jimenezherrera.com\/index.php\/wp-json\/wp\/v2\/categories?post=315"},{"taxonomy":"post_tag","embeddable":true,"href":"https:\/\/jimenezherrera.com\/index.php\/wp-json\/wp\/v2\/tags?post=315"}],"curies":[{"name":"wp","href":"https:\/\/api.w.org\/{rel}","templated":true}]}}